{"id":1757,"date":"2014-01-17T13:56:11","date_gmt":"2014-01-17T12:56:11","guid":{"rendered":"http:\/\/www.amidaarquitectura.com\/natura-dins-els-barris-o-barris-dins-la-natura-2\/"},"modified":"2014-01-17T14:04:46","modified_gmt":"2014-01-17T13:04:46","slug":"naturaleza-en-los-barrios","status":"publish","type":"post","link":"https:\/\/www.amidaarquitectura.com\/es\/naturaleza-en-los-barrios\/","title":{"rendered":"Naturaleza en los barrios o barrios en la Naturaleza"},"content":{"rendered":"<p><b>Incluir fragmentos de naturaleza dentro de los barrios o hacer barrios que integren a la naturaleza existente.<\/b><\/p>\n<p>La naturaleza me relaja , me gusta , me siento c\u00f3moda y confortable . Quieres decir que no hacemos algo mal al urbanizar ciudades que se alejan de ella para escapar nos los fines de semana para irla a buscar?<\/p>\n<p>En nuestras ciudades , barrios y pueblos recortamos fragmentos de naturaleza para introducirlos dentro de los espacios no edificados . \u00c1rboles puntuales encajados dentro de alcorques o zonas verdes de m\u00e1s o menos tama\u00f1o que forman parte de la urbanizaci\u00f3n.<\/p>\n<p>El reto de los barrios deber\u00eda ser integrarse con la naturaleza sin alterar sus ciclos. Se trata de comprenderla \u00a0y hacer que el barrio se acomode \u00a0en ella de la mejor forma posible.<\/p>\n<p>La vegetaci\u00f3n contribuye de forma significativa a la mejora de los par\u00e1metros ambientales de la ciudad gracias a la capacidad para regular las condiciones bioclim\u00e1ticas. La vegetaci\u00f3n es capaz de filtrar algunos contaminantes que contribuyen al efecto invernadero como el azufre atmosf\u00e9rico ( un abeto de tama\u00f1o medio, aproximadamente 20kg por a\u00f1o ) , tambi\u00e9n contribuye a la absorci\u00f3n de CO2 (100 \u00e1rboles pueden limpiar anualmente 100kg de CO2 ) y la reducci\u00f3n de calores mediante la transpiraci\u00f3n.<\/p>\n<p>Estoy de acuerdo en que los \u00e1rboles dentro de la ciudad conllevan algunos problemas como el peligro de accidentes por ca\u00edda de ramas o de resbalones por las hojas , goteo de l\u00edquidos o un incremento en la necesidad de limpieza de las calles pero creo que las ventajas que conllevan son mucho m\u00e1s importantes.<\/p>\n<p>No\u00e8lia<\/p>\n","protected":false},"excerpt":{"rendered":"<p>Incluir fragmentos de naturaleza dentro de los barrios o hacer barrios que integren a la naturaleza existente. La naturaleza me relaja , me gusta , me siento c\u00f3moda y confortable . Quieres decir que no hacemos algo mal al urbanizar ciudades que se alejan de ella para escapar nos los fines de semana para irla a buscar? En nuestras ciudades [&hellip;]<\/p>\n","protected":false},"author":5,"featured_media":0,"comment_status":"open","ping_status":"open","sticky":false,"template":"","format":"standard","meta":{"_jetpack_memberships_contains_paid_content":false,"footnotes":"","jetpack_publicize_message":"","jetpack_publicize_feature_enabled":true,"jetpack_social_post_already_shared":false,"jetpack_social_options":{"image_generator_settings":{"template":"highway","enabled":false},"version":2}},"categories":[68],"tags":[],"class_list":["post-1757","post","type-post","status-publish","format-standard","hentry","category-espacio-natural"],"jetpack_publicize_connections":[],"yoast_head":"<!-- This site is optimized with the Yoast SEO plugin v27.5 - https:\/\/yoast.com\/product\/yoast-seo-wordpress\/ -->\n<title>Naturaleza en los barrios o barrios en la Naturaleza - Amida Arquitectura<\/title>\n<meta name=\"description\" content=\"Despacho de arquitectura especializado en: dise\u00f1o, construcci\u00f3n, c\u00e9dulas de habitabilidad, certificados de efici\u00e9ncia energ\u00e9tica (CEE), inspecciones t\u00e9cnicas de edificios (ITE), tasaciones, seguridad y salud en las obras...\" \/>\n<meta name=\"robots\" content=\"index, follow, max-snippet:-1, max-image-preview:large, max-video-preview:-1\" \/>\n<link rel=\"canonical\" href=\"https:\/\/www.amidaarquitectura.com\/es\/naturaleza-en-los-barrios\/\" \/>\n<meta property=\"og:locale\" content=\"es_ES\" \/>\n<meta property=\"og:type\" content=\"article\" \/>\n<meta property=\"og:title\" content=\"Naturaleza en los barrios o barrios en la Naturaleza - Amida Arquitectura\" \/>\n<meta property=\"og:description\" content=\"Despacho de arquitectura especializado en: dise\u00f1o, construcci\u00f3n, c\u00e9dulas de habitabilidad, certificados de efici\u00e9ncia energ\u00e9tica (CEE), inspecciones t\u00e9cnicas de edificios (ITE), tasaciones, seguridad y salud en las obras...\" \/>\n<meta property=\"og:url\" content=\"https:\/\/www.amidaarquitectura.com\/es\/naturaleza-en-los-barrios\/\" \/>\n<meta property=\"og:site_name\" content=\"Amida Arquitectura\" \/>\n<meta property=\"article:published_time\" content=\"2014-01-17T12:56:11+00:00\" \/>\n<meta property=\"article:modified_time\" content=\"2014-01-17T13:04:46+00:00\" \/>\n<meta name=\"author\" content=\"Amida\" \/>\n<meta name=\"twitter:label1\" content=\"Escrito por\" \/>\n\t<meta name=\"twitter:data1\" content=\"Amida\" \/>\n\t<meta name=\"twitter:label2\" content=\"Tiempo de lectura\" \/>\n\t<meta name=\"twitter:data2\" content=\"1 minuto\" \/>\n<script type=\"application\/ld+json\" class=\"yoast-schema-graph\">{\"@context\":\"https:\\\/\\\/schema.org\",\"@graph\":[{\"@type\":\"Article\",\"@id\":\"https:\\\/\\\/www.amidaarquitectura.com\\\/es\\\/naturaleza-en-los-barrios\\\/#article\",\"isPartOf\":{\"@id\":\"https:\\\/\\\/www.amidaarquitectura.com\\\/es\\\/naturaleza-en-los-barrios\\\/\"},\"author\":{\"name\":\"Amida\",\"@id\":\"https:\\\/\\\/www.amidaarquitectura.com\\\/#\\\/schema\\\/person\\\/05dcb60763f31b27126c3dde7e01f45d\"},\"headline\":\"Naturaleza en los barrios o barrios en la Naturaleza\",\"datePublished\":\"2014-01-17T12:56:11+00:00\",\"dateModified\":\"2014-01-17T13:04:46+00:00\",\"mainEntityOfPage\":{\"@id\":\"https:\\\/\\\/www.amidaarquitectura.com\\\/es\\\/naturaleza-en-los-barrios\\\/\"},\"wordCount\":282,\"commentCount\":0,\"articleSection\":[\"Espacio natural\"],\"inLanguage\":\"es\",\"potentialAction\":[{\"@type\":\"CommentAction\",\"name\":\"Comment\",\"target\":[\"https:\\\/\\\/www.amidaarquitectura.com\\\/es\\\/naturaleza-en-los-barrios\\\/#respond\"]}]},{\"@type\":\"WebPage\",\"@id\":\"https:\\\/\\\/www.amidaarquitectura.com\\\/es\\\/naturaleza-en-los-barrios\\\/\",\"url\":\"https:\\\/\\\/www.amidaarquitectura.com\\\/es\\\/naturaleza-en-los-barrios\\\/\",\"name\":\"Naturaleza en los barrios o barrios en la Naturaleza - Amida Arquitectura\",\"isPartOf\":{\"@id\":\"https:\\\/\\\/www.amidaarquitectura.com\\\/#website\"},\"datePublished\":\"2014-01-17T12:56:11+00:00\",\"dateModified\":\"2014-01-17T13:04:46+00:00\",\"author\":{\"@id\":\"https:\\\/\\\/www.amidaarquitectura.com\\\/#\\\/schema\\\/person\\\/05dcb60763f31b27126c3dde7e01f45d\"},\"description\":\"Despacho de arquitectura especializado en: dise\u00f1o, construcci\u00f3n, c\u00e9dulas de habitabilidad, certificados de efici\u00e9ncia energ\u00e9tica (CEE), inspecciones t\u00e9cnicas de edificios (ITE), tasaciones, seguridad y salud en las obras...\",\"breadcrumb\":{\"@id\":\"https:\\\/\\\/www.amidaarquitectura.com\\\/es\\\/naturaleza-en-los-barrios\\\/#breadcrumb\"},\"inLanguage\":\"es\",\"potentialAction\":[{\"@type\":\"ReadAction\",\"target\":[\"https:\\\/\\\/www.amidaarquitectura.com\\\/es\\\/naturaleza-en-los-barrios\\\/\"]}]},{\"@type\":\"BreadcrumbList\",\"@id\":\"https:\\\/\\\/www.amidaarquitectura.com\\\/es\\\/naturaleza-en-los-barrios\\\/#breadcrumb\",\"itemListElement\":[{\"@type\":\"ListItem\",\"position\":1,\"name\":\"Inici\",\"item\":\"https:\\\/\\\/www.amidaarquitectura.com\\\/es\\\/\"},{\"@type\":\"ListItem\",\"position\":2,\"name\":\"Naturaleza en los barrios o barrios en la Naturaleza\"}]},{\"@type\":\"WebSite\",\"@id\":\"https:\\\/\\\/www.amidaarquitectura.com\\\/#website\",\"url\":\"https:\\\/\\\/www.amidaarquitectura.com\\\/\",\"name\":\"Amida Arquitectura\",\"description\":\"\",\"potentialAction\":[{\"@type\":\"SearchAction\",\"target\":{\"@type\":\"EntryPoint\",\"urlTemplate\":\"https:\\\/\\\/www.amidaarquitectura.com\\\/?s={search_term_string}\"},\"query-input\":{\"@type\":\"PropertyValueSpecification\",\"valueRequired\":true,\"valueName\":\"search_term_string\"}}],\"inLanguage\":\"es\"},{\"@type\":\"Person\",\"@id\":\"https:\\\/\\\/www.amidaarquitectura.com\\\/#\\\/schema\\\/person\\\/05dcb60763f31b27126c3dde7e01f45d\",\"name\":\"Amida\",\"url\":\"https:\\\/\\\/www.amidaarquitectura.com\\\/es\\\/author\\\/amida\\\/\"}]}<\/script>\n<!-- \/ Yoast SEO plugin. -->","yoast_head_json":{"title":"Naturaleza en los barrios o barrios en la Naturaleza - Amida Arquitectura","description":"Despacho de arquitectura especializado en: dise\u00f1o, construcci\u00f3n, c\u00e9dulas de habitabilidad, certificados de efici\u00e9ncia energ\u00e9tica (CEE), inspecciones t\u00e9cnicas de edificios (ITE), tasaciones, seguridad y salud en las obras...","robots":{"index":"index","follow":"follow","max-snippet":"max-snippet:-1","max-image-preview":"max-image-preview:large","max-video-preview":"max-video-preview:-1"},"canonical":"https:\/\/www.amidaarquitectura.com\/es\/naturaleza-en-los-barrios\/","og_locale":"es_ES","og_type":"article","og_title":"Naturaleza en los barrios o barrios en la Naturaleza - Amida Arquitectura","og_description":"Despacho de arquitectura especializado en: dise\u00f1o, construcci\u00f3n, c\u00e9dulas de habitabilidad, certificados de efici\u00e9ncia energ\u00e9tica (CEE), inspecciones t\u00e9cnicas de edificios (ITE), tasaciones, seguridad y salud en las obras...","og_url":"https:\/\/www.amidaarquitectura.com\/es\/naturaleza-en-los-barrios\/","og_site_name":"Amida Arquitectura","article_published_time":"2014-01-17T12:56:11+00:00","article_modified_time":"2014-01-17T13:04:46+00:00","author":"Amida","twitter_misc":{"Escrito por":"Amida","Tiempo de lectura":"1 minuto"},"schema":{"@context":"https:\/\/schema.org","@graph":[{"@type":"Article","@id":"https:\/\/www.amidaarquitectura.com\/es\/naturaleza-en-los-barrios\/#article","isPartOf":{"@id":"https:\/\/www.amidaarquitectura.com\/es\/naturaleza-en-los-barrios\/"},"author":{"name":"Amida","@id":"https:\/\/www.amidaarquitectura.com\/#\/schema\/person\/05dcb60763f31b27126c3dde7e01f45d"},"headline":"Naturaleza en los barrios o barrios en la Naturaleza","datePublished":"2014-01-17T12:56:11+00:00","dateModified":"2014-01-17T13:04:46+00:00","mainEntityOfPage":{"@id":"https:\/\/www.amidaarquitectura.com\/es\/naturaleza-en-los-barrios\/"},"wordCount":282,"commentCount":0,"articleSection":["Espacio natural"],"inLanguage":"es","potentialAction":[{"@type":"CommentAction","name":"Comment","target":["https:\/\/www.amidaarquitectura.com\/es\/naturaleza-en-los-barrios\/#respond"]}]},{"@type":"WebPage","@id":"https:\/\/www.amidaarquitectura.com\/es\/naturaleza-en-los-barrios\/","url":"https:\/\/www.amidaarquitectura.com\/es\/naturaleza-en-los-barrios\/","name":"Naturaleza en los barrios o barrios en la Naturaleza - Amida Arquitectura","isPartOf":{"@id":"https:\/\/www.amidaarquitectura.com\/#website"},"datePublished":"2014-01-17T12:56:11+00:00","dateModified":"2014-01-17T13:04:46+00:00","author":{"@id":"https:\/\/www.amidaarquitectura.com\/#\/schema\/person\/05dcb60763f31b27126c3dde7e01f45d"},"description":"Despacho de arquitectura especializado en: dise\u00f1o, construcci\u00f3n, c\u00e9dulas de habitabilidad, certificados de efici\u00e9ncia energ\u00e9tica (CEE), inspecciones t\u00e9cnicas de edificios (ITE), tasaciones, seguridad y salud en las obras...","breadcrumb":{"@id":"https:\/\/www.amidaarquitectura.com\/es\/naturaleza-en-los-barrios\/#breadcrumb"},"inLanguage":"es","potentialAction":[{"@type":"ReadAction","target":["https:\/\/www.amidaarquitectura.com\/es\/naturaleza-en-los-barrios\/"]}]},{"@type":"BreadcrumbList","@id":"https:\/\/www.amidaarquitectura.com\/es\/naturaleza-en-los-barrios\/#breadcrumb","itemListElement":[{"@type":"ListItem","position":1,"name":"Inici","item":"https:\/\/www.amidaarquitectura.com\/es\/"},{"@type":"ListItem","position":2,"name":"Naturaleza en los barrios o barrios en la Naturaleza"}]},{"@type":"WebSite","@id":"https:\/\/www.amidaarquitectura.com\/#website","url":"https:\/\/www.amidaarquitectura.com\/","name":"Amida Arquitectura","description":"","potentialAction":[{"@type":"SearchAction","target":{"@type":"EntryPoint","urlTemplate":"https:\/\/www.amidaarquitectura.com\/?s={search_term_string}"},"query-input":{"@type":"PropertyValueSpecification","valueRequired":true,"valueName":"search_term_string"}}],"inLanguage":"es"},{"@type":"Person","@id":"https:\/\/www.amidaarquitectura.com\/#\/schema\/person\/05dcb60763f31b27126c3dde7e01f45d","name":"Amida","url":"https:\/\/www.amidaarquitectura.com\/es\/author\/amida\/"}]}},"jetpack_featured_media_url":"","jetpack_sharing_enabled":true,"_links":{"self":[{"href":"https:\/\/www.amidaarquitectura.com\/es\/wp-json\/wp\/v2\/posts\/1757","targetHints":{"allow":["GET"]}}],"collection":[{"href":"https:\/\/www.amidaarquitectura.com\/es\/wp-json\/wp\/v2\/posts"}],"about":[{"href":"https:\/\/www.amidaarquitectura.com\/es\/wp-json\/wp\/v2\/types\/post"}],"author":[{"embeddable":true,"href":"https:\/\/www.amidaarquitectura.com\/es\/wp-json\/wp\/v2\/users\/5"}],"replies":[{"embeddable":true,"href":"https:\/\/www.amidaarquitectura.com\/es\/wp-json\/wp\/v2\/comments?post=1757"}],"version-history":[{"count":2,"href":"https:\/\/www.amidaarquitectura.com\/es\/wp-json\/wp\/v2\/posts\/1757\/revisions"}],"predecessor-version":[{"id":1758,"href":"https:\/\/www.amidaarquitectura.com\/es\/wp-json\/wp\/v2\/posts\/1757\/revisions\/1758"}],"wp:attachment":[{"href":"https:\/\/www.amidaarquitectura.com\/es\/wp-json\/wp\/v2\/media?parent=1757"}],"wp:term":[{"taxonomy":"category","embeddable":true,"href":"https:\/\/www.amidaarquitectura.com\/es\/wp-json\/wp\/v2\/categories?post=1757"},{"taxonomy":"post_tag","embeddable":true,"href":"https:\/\/www.amidaarquitectura.com\/es\/wp-json\/wp\/v2\/tags?post=1757"}],"curies":[{"name":"wp","href":"https:\/\/api.w.org\/{rel}","templated":true}]}}